{"id":248,"date":"2022-01-22T19:19:26","date_gmt":"2022-01-22T18:19:26","guid":{"rendered":"http:\/\/diana-dolce.com\/?p=248"},"modified":"2022-01-24T16:54:09","modified_gmt":"2022-01-24T15:54:09","slug":"lenvers-de-la-rue","status":"publish","type":"post","link":"https:\/\/www.diana-dolce.com\/?p=248","title":{"rendered":"L\u2019envers de la rue"},"content":{"rendered":"\n<h2 class=\"wp-block-heading\"><strong>2015&nbsp;\/ 4 Documentaires radiophoniques \/ 4 x 50 minutes<\/strong><\/h2>\n\n\n\n<p><strong>R\u00e9alisation<\/strong>&nbsp;:&nbsp;Alfredo Diaz Perez<\/p>\n\n\n\n<p><strong>Son<\/strong>&nbsp;:&nbsp;Alfredo Diaz Perez<\/p>\n\n\n\n<p><strong>Montage son et mixage<\/strong>&nbsp;: Diana Dolce<\/p>\n\n\n\n<p><strong>Production<\/strong>&nbsp;: FACR<\/p>\n\n\n\n<p><strong>Synopsis<\/strong>&nbsp;:&nbsp;<\/p>\n\n\n\n<ol class=\"wp-block-list\"><li><strong>LE SALON DES FEMMES :<\/strong>&nbsp;Camille est assistante sociale. En 2012, elle ouvre \u00e0 Ixelles un salon de coiffure. Le salon des femmes. Ce salon a une sp\u00e9cificit\u00e9. Il offre les m\u00eames services de qualit\u00e9 qu\u2019un salon normal mais \u00e0 des femmes fortement pr\u00e9caris\u00e9es. Le tarif : cinq euros. Le droit \u00e0 la beaut\u00e9 n\u2019est pas qu\u2019une question d\u2019apparence, il retisse le lien social et ouvre sur le dehors.<\/li><li><strong>L\u2019INVENTION DE LA LINGETTE :<\/strong>&nbsp;Emilie est infirmi\u00e8re. La rue, et plus particuli\u00e8rement les sans-abris retiennent son attention. Un objectif : les sortir de la rue. Pour cela, un petit objet d\u2019une \u00e9vidente simplicit\u00e9. Commencer par leur offrir une petite lingette odorante et fra\u00eeche.<\/li><li><strong>LA CONVERSATION DU VENDREDI :<\/strong>&nbsp;En 1975, Monica Neve ouvre le premier restaurant social, La Bicoque, qu\u2019elle agrandit tr\u00e8s vite. La Bicoque re\u00e7oit des personnes de tout horizon. Quel est donc le secret de ce restaurant situ\u00e9 dans la rue Haute, le coeur n\u00e9vralgique de Bruxelles ?<\/li><li><strong>LA FL\u00dbTISTE DE LA RUE HAUTE :<\/strong>&nbsp;La suite des aventures de Monica Neve, cr\u00e9atrice en 1975 du premier restaurant social, Nativitas dit La Bicoque. Qui est cette femme qui navigue entre diff\u00e9rents mondes et qui a v\u00e9cu en Am\u00e9rique et en Afrique, qui aujourd\u2019hui ouvre un deuxi\u00e8me Nativitas en R\u00e9publique d\u00e9mocratique du Congo ?<\/li><\/ol>\n\n\n\n<figure class=\"wp-block-image size-full\"><img loading=\"lazy\" decoding=\"async\" width=\"345\" height=\"345\" src=\"http:\/\/www.diana.aehoga.net\/wp-content\/uploads\/envers-rue.jpg\" alt=\"L'envers de la rue\" class=\"wp-image-323\" srcset=\"https:\/\/www.diana-dolce.com\/wp-content\/uploads\/envers-rue.jpg 345w, https:\/\/www.diana-dolce.com\/wp-content\/uploads\/envers-rue-300x300.jpg 300w, https:\/\/www.diana-dolce.com\/wp-content\/uploads\/envers-rue-150x150.jpg 150w\" sizes=\"auto, (max-width: 345px) 100vw, 345px\" \/><\/figure>\n","protected":false},"excerpt":{"rendered":"<p>2015&nbsp;\/ 4 Documentaires radiophoniques \/ 4 x 50 minutes R\u00e9alisation&nbsp;:&nbsp;Alfredo Diaz Perez Son&nbsp;:&nbsp;Alfredo Diaz Perez Montage son et mixage&nbsp;: Diana Dolce Production&nbsp;: FACR Synopsis&nbsp;:&nbsp; LE SALON DES FEMMES :&nbsp;Camille est assistante sociale. En 2012, elle ouvre \u00e0 Ixelles un salon de coiffure. Le salon des femmes. Ce salon a une sp\u00e9cificit\u00e9. Il offre les m\u00eames <a href=\"https:\/\/www.diana-dolce.com\/?p=248\" class=\"more-link\">&#8230;<span class=\"screen-reader-text\">  L\u2019envers de la rue<\/span><\/a><\/p>\n","protected":false},"author":4,"featured_media":0,"comment_status":"open","ping_status":"open","sticky":false,"template":"","format":"standard","meta":{"inline_featured_image":false,"footnotes":""},"categories":[7,4],"tags":[],"class_list":["post-248","post","type-post","status-publish","format-standard","hentry","category-montage_image_son","category-portfolio"],"_links":{"self":[{"href":"https:\/\/www.diana-dolce.com\/index.php?rest_route=\/wp\/v2\/posts\/248","targetHints":{"allow":["GET"]}}],"collection":[{"href":"https:\/\/www.diana-dolce.com\/index.php?rest_route=\/wp\/v2\/posts"}],"about":[{"href":"https:\/\/www.diana-dolce.com\/index.php?rest_route=\/wp\/v2\/types\/post"}],"author":[{"embeddable":true,"href":"https:\/\/www.diana-dolce.com\/index.php?rest_route=\/wp\/v2\/users\/4"}],"replies":[{"embeddable":true,"href":"https:\/\/www.diana-dolce.com\/index.php?rest_route=%2Fwp%2Fv2%2Fcomments&post=248"}],"version-history":[{"count":1,"href":"https:\/\/www.diana-dolce.com\/index.php?rest_route=\/wp\/v2\/posts\/248\/revisions"}],"predecessor-version":[{"id":328,"href":"https:\/\/www.diana-dolce.com\/index.php?rest_route=\/wp\/v2\/posts\/248\/revisions\/328"}],"wp:attachment":[{"href":"https:\/\/www.diana-dolce.com\/index.php?rest_route=%2Fwp%2Fv2%2Fmedia&parent=248"}],"wp:term":[{"taxonomy":"category","embeddable":true,"href":"https:\/\/www.diana-dolce.com\/index.php?rest_route=%2Fwp%2Fv2%2Fcategories&post=248"},{"taxonomy":"post_tag","embeddable":true,"href":"https:\/\/www.diana-dolce.com\/index.php?rest_route=%2Fwp%2Fv2%2Ftags&post=248"}],"curies":[{"name":"wp","href":"https:\/\/api.w.org\/{rel}","templated":true}]}}