{"id":262,"date":"2022-01-22T19:38:17","date_gmt":"2022-01-22T18:38:17","guid":{"rendered":"http:\/\/diana-dolce.com\/?p=262"},"modified":"2022-01-22T19:38:17","modified_gmt":"2022-01-22T18:38:17","slug":"lecons-de-conduite","status":"publish","type":"post","link":"https:\/\/www.diana-dolce.com\/?p=262","title":{"rendered":"Le\u00e7ons de conduite"},"content":{"rendered":"\n<h2 class=\"wp-block-heading\"><strong>2012 \/ Fiction \/ 14 minutes \/ Alexa \/ Couleur<\/strong><\/h2>\n\n\n\n<p><strong>R\u00e9alisation<\/strong>&nbsp;:&nbsp;Elodie L\u00e9lu<\/p>\n\n\n\n<p><strong>Image<\/strong>&nbsp;: Tristan Galand<\/p>\n\n\n\n<p><strong>Son<\/strong>&nbsp;: F\u00e9lix Blume&nbsp;et Bruno Schweisguth<\/p>\n\n\n\n<p><strong>Montage image<\/strong>&nbsp;:&nbsp;Diana Dolce \u2013 Thomas Vanthuyne<\/p>\n\n\n\n<p><strong>Montage son&nbsp;<\/strong>:&nbsp;Diana Dolce<\/p>\n\n\n\n<p><strong>Mixage<\/strong>&nbsp;: Aur\u00e9lien Lebourg<\/p>\n\n\n\n<p><strong>Musique Originale<\/strong>&nbsp;:&nbsp;Romuald Ballet Baz<\/p>\n\n\n\n<p><strong>Production<\/strong>&nbsp;:&nbsp;Fontana Productions<\/p>\n\n\n\n<p><strong>Festivals :<\/strong><\/p>\n\n\n\n<ul class=\"wp-block-list\"><li>Grand Prix du Meeting Point au festival de Valladolid<\/li><li>Grand Prix du festival international de femmes de Vancouver<\/li><li>Mention sp\u00e9ciale du jury au festival de Larissa en Gr\u00e8ce<\/li><li>S\u00e9oul International Youth Film Festival (SIYFF)<\/li><li>Al\u00e8s au festival Itin\u00e9rances<\/li><li>Festival du film d\u2019\u00e9ducation d\u2019Evreux en France<\/li><li>FICFA au Canada<\/li><li>Interfilm Berlin<\/li><li>Festival du film de femmes de Bobigny<\/li><li>Festival de Tallinn en Estonie<\/li><li>Festival L\u2019Ecran s\u2019\u00e9crit en France<\/li><li>Festival de Pontault-Combault<\/li><li>Festival de Norrkorping en Su\u00e8de<\/li><li>Festival international du film de Chypre<\/li><li>Festival de courts m\u00e9trages Images en vues des \u00celes-de-la-Madeleine<\/li><\/ul>\n\n\n\n<p><strong>Synopsis<\/strong>&nbsp;:&nbsp;<\/p>\n\n\n\n<p>Pour Manon, qui a 18 ans, la journ\u00e9e commence sur les chapeaux de roue ! Exceptionnellement en charge de sa grand-m\u00e8re, bavarde comme une pie et dif\ufb01cile \u00e0 g\u00e9rer en public, elle se voit oblig\u00e9e de l\u2019emmener \u00e0 sa le\u00e7on de conduite. La situation se corse quand elle d\u00e9couvre, quelques minutes avant le d\u00e9but du cours, qu\u2019elle est enceinte\u2026<\/p>\n\n\n\n<figure class=\"wp-block-embed is-type-video is-provider-vimeo wp-block-embed-vimeo wp-embed-aspect-16-9 wp-has-aspect-ratio\"><div class=\"wp-block-embed__wrapper\">\n<iframe loading=\"lazy\" title=\"Le&amp;ccedil;ons de conduites\" src=\"https:\/\/player.vimeo.com\/video\/45797473?h=2b38c40f33&amp;dnt=1&amp;app_id=122963\" width=\"640\" height=\"360\" frameborder=\"0\" allow=\"autoplay; fullscreen; picture-in-picture\" allowfullscreen><\/iframe>\n<\/div><\/figure>\n","protected":false},"excerpt":{"rendered":"<p>2012 \/ Fiction \/ 14 minutes \/ Alexa \/ Couleur R\u00e9alisation&nbsp;:&nbsp;Elodie L\u00e9lu Image&nbsp;: Tristan Galand Son&nbsp;: F\u00e9lix Blume&nbsp;et Bruno Schweisguth Montage image&nbsp;:&nbsp;Diana Dolce \u2013 Thomas Vanthuyne Montage son&nbsp;:&nbsp;Diana Dolce Mixage&nbsp;: Aur\u00e9lien Lebourg Musique Originale&nbsp;:&nbsp;Romuald Ballet Baz Production&nbsp;:&nbsp;Fontana Productions Festivals : Grand Prix du Meeting Point au festival de Valladolid Grand Prix du festival international de <a href=\"https:\/\/www.diana-dolce.com\/?p=262\" class=\"more-link\">&#8230;<span class=\"screen-reader-text\">  Le\u00e7ons de conduite<\/span><\/a><\/p>\n","protected":false},"author":4,"featured_media":0,"comment_status":"open","ping_status":"open","sticky":false,"template":"","format":"standard","meta":{"inline_featured_image":false,"footnotes":""},"categories":[7,4],"tags":[],"class_list":["post-262","post","type-post","status-publish","format-standard","hentry","category-montage_image_son","category-portfolio"],"_links":{"self":[{"href":"https:\/\/www.diana-dolce.com\/index.php?rest_route=\/wp\/v2\/posts\/262","targetHints":{"allow":["GET"]}}],"collection":[{"href":"https:\/\/www.diana-dolce.com\/index.php?rest_route=\/wp\/v2\/posts"}],"about":[{"href":"https:\/\/www.diana-dolce.com\/index.php?rest_route=\/wp\/v2\/types\/post"}],"author":[{"embeddable":true,"href":"https:\/\/www.diana-dolce.com\/index.php?rest_route=\/wp\/v2\/users\/4"}],"replies":[{"embeddable":true,"href":"https:\/\/www.diana-dolce.com\/index.php?rest_route=%2Fwp%2Fv2%2Fcomments&post=262"}],"version-history":[{"count":0,"href":"https:\/\/www.diana-dolce.com\/index.php?rest_route=\/wp\/v2\/posts\/262\/revisions"}],"wp:attachment":[{"href":"https:\/\/www.diana-dolce.com\/index.php?rest_route=%2Fwp%2Fv2%2Fmedia&parent=262"}],"wp:term":[{"taxonomy":"category","embeddable":true,"href":"https:\/\/www.diana-dolce.com\/index.php?rest_route=%2Fwp%2Fv2%2Fcategories&post=262"},{"taxonomy":"post_tag","embeddable":true,"href":"https:\/\/www.diana-dolce.com\/index.php?rest_route=%2Fwp%2Fv2%2Ftags&post=262"}],"curies":[{"name":"wp","href":"https:\/\/api.w.org\/{rel}","templated":true}]}}