{"id":479,"date":"2023-06-19T11:35:34","date_gmt":"2023-06-19T09:35:34","guid":{"rendered":"https:\/\/www.diana-dolce.com\/?p=479"},"modified":"2025-04-25T15:50:09","modified_gmt":"2025-04-25T13:50:09","slug":"passages-copy","status":"publish","type":"post","link":"https:\/\/www.diana-dolce.com\/?p=479","title":{"rendered":"Intimement li\u00e9s"},"content":{"rendered":"\n<h2 class=\"wp-block-heading\"><strong>2023 \/ Documentaire \/ 20 minutes \/ Couleur<\/strong><\/h2>\n\n\n\n<p><strong>R\u00e9alisation<\/strong> <strong>et sc\u00e9nario<\/strong> : Anne Closset<\/p>\n\n\n\n<p><strong>Image<\/strong> <strong>et prise de son<\/strong> : Anne Closset<\/p>\n\n\n\n<p><strong>Montage image<\/strong>&nbsp;: Philippe Boucq<\/p>\n\n\n\n<p><strong>Montage son et cr\u00e9ation sonore<\/strong> : Diana Dolce<\/p>\n\n\n\n<p><strong>Mixage&nbsp;<\/strong>: Valentin Mazingarbe <em>@ La Notte Studio<\/em><\/p>\n\n\n\n<p><strong>Etalonnage<\/strong> : Benjamin Grinand<\/p>\n\n\n\n<p><strong>Production<\/strong>&nbsp;: Athanor Production<\/p>\n\n\n\n<p><strong>Productrice d\u00e9l\u00e9gu\u00e9e<\/strong> : Anne Closset<\/p>\n\n\n\n<p><strong>Synopsis<\/strong>&nbsp;:&nbsp;<\/p>\n\n\n\n<p>Une rencontre avec la m\u00e9thode Rosen.<\/p>\n\n\n\n<p>La M\u00e9thode Rosen est une approche manuelle douce, bas\u00e9e sur l\u2019\u00e9coute du corps. Elle permet de faire le lien entre nos tensions musculaires et nos \u00e9motions. Ce travail m\u00e8ne celui que nous croyons \u00eatre, \u00e0 celui que nous sommes r\u00e9ellement.<\/p>\n\n\n\n<p>(Link vers le film sur demande)<\/p>\n\n\n\n<figure class=\"wp-block-embed is-type-video is-provider-vimeo wp-block-embed-vimeo wp-embed-aspect-16-9 wp-has-aspect-ratio\"><div class=\"wp-block-embed__wrapper\">\n<iframe loading=\"lazy\" title=\"Intimement Li\u00e9s - Bande Annonce -Athanor\" src=\"https:\/\/player.vimeo.com\/video\/859305729?dnt=1&amp;app_id=122963\" width=\"1778\" height=\"1000\" frameborder=\"0\" allow=\"autoplay; fullscreen; picture-in-picture\"><\/iframe>\n<\/div><\/figure>\n\n\n\n<p><\/p>\n","protected":false},"excerpt":{"rendered":"<p>2023 \/ Documentaire \/ 20 minutes \/ Couleur R\u00e9alisation et sc\u00e9nario : Anne Closset Image et prise de son : Anne Closset Montage image&nbsp;: Philippe Boucq Montage son et cr\u00e9ation sonore : Diana Dolce Mixage&nbsp;: Valentin Mazingarbe @ La Notte Studio Etalonnage : Benjamin Grinand Production&nbsp;: Athanor Production Productrice d\u00e9l\u00e9gu\u00e9e : Anne Closset Synopsis&nbsp;:&nbsp; Une <a href=\"https:\/\/www.diana-dolce.com\/?p=479\" class=\"more-link\">&#8230;<span class=\"screen-reader-text\">  Intimement li\u00e9s<\/span><\/a><\/p>\n","protected":false},"author":4,"featured_media":0,"comment_status":"open","ping_status":"open","sticky":false,"template":"","format":"standard","meta":{"inline_featured_image":false,"footnotes":""},"categories":[4,6],"tags":[],"class_list":["post-479","post","type-post","status-publish","format-standard","hentry","category-portfolio","category-sound_design"],"_links":{"self":[{"href":"https:\/\/www.diana-dolce.com\/index.php?rest_route=\/wp\/v2\/posts\/479","targetHints":{"allow":["GET"]}}],"collection":[{"href":"https:\/\/www.diana-dolce.com\/index.php?rest_route=\/wp\/v2\/posts"}],"about":[{"href":"https:\/\/www.diana-dolce.com\/index.php?rest_route=\/wp\/v2\/types\/post"}],"author":[{"embeddable":true,"href":"https:\/\/www.diana-dolce.com\/index.php?rest_route=\/wp\/v2\/users\/4"}],"replies":[{"embeddable":true,"href":"https:\/\/www.diana-dolce.com\/index.php?rest_route=%2Fwp%2Fv2%2Fcomments&post=479"}],"version-history":[{"count":4,"href":"https:\/\/www.diana-dolce.com\/index.php?rest_route=\/wp\/v2\/posts\/479\/revisions"}],"predecessor-version":[{"id":617,"href":"https:\/\/www.diana-dolce.com\/index.php?rest_route=\/wp\/v2\/posts\/479\/revisions\/617"}],"wp:attachment":[{"href":"https:\/\/www.diana-dolce.com\/index.php?rest_route=%2Fwp%2Fv2%2Fmedia&parent=479"}],"wp:term":[{"taxonomy":"category","embeddable":true,"href":"https:\/\/www.diana-dolce.com\/index.php?rest_route=%2Fwp%2Fv2%2Fcategories&post=479"},{"taxonomy":"post_tag","embeddable":true,"href":"https:\/\/www.diana-dolce.com\/index.php?rest_route=%2Fwp%2Fv2%2Ftags&post=479"}],"curies":[{"name":"wp","href":"https:\/\/api.w.org\/{rel}","templated":true}]}}