{"id":553,"date":"2024-09-13T16:36:15","date_gmt":"2024-09-13T14:36:15","guid":{"rendered":"https:\/\/www.diana-dolce.com\/?p=553"},"modified":"2024-11-14T10:30:06","modified_gmt":"2024-11-14T09:30:06","slug":"passages-copy-copy-2","status":"publish","type":"post","link":"https:\/\/www.diana-dolce.com\/?p=553","title":{"rendered":"Ex Utero"},"content":{"rendered":"\n<h2 class=\"wp-block-heading\"><strong>2024 \/ Documentaire \/ 75 minutes \/ Couleur<\/strong><\/h2>\n\n\n\n<p><strong>Sc\u00e9nario, recherches et r\u00e9alisation <\/strong> : Lili Forestier<\/p>\n\n\n\n<p><strong>Image<\/strong> : Nastasja Saerens<\/p>\n\n\n\n<p><strong>Prise de son<\/strong> : Barbara Juniot &#8211; Liza Thiennot &#8211; Sarah Carlier<\/p>\n\n\n\n<p><strong>Montage image<\/strong>&nbsp;: Lucie Benichou &#8211; Lili Forestier<\/p>\n\n\n\n<p><strong>Montage son et cr\u00e9ation sonore<\/strong> : Diana Dolce<\/p>\n\n\n\n<p><strong>Enregistrement voix-off<\/strong> : Liza Thiennot<\/p>\n\n\n\n<p><strong>Mixage&nbsp;<\/strong>: Marina Lerchs<\/p>\n\n\n\n<p><strong>Etalonnage<\/strong> : Franck Ravel<\/p>\n\n\n\n<p><strong>Production<\/strong>&nbsp;: N\u00e9buleuses asbl &#8211; CBA &#8211; Velvet Films &#8211; RTBF &#8211; BNP Paribas<\/p>\n\n\n\n<p><\/p>\n\n\n\n<p><strong>Synopsis<\/strong>&nbsp;:&nbsp;<\/p>\n\n\n\n<p>Ex Utero navigue entre une certaine histoire de la gyn\u00e9cologie et t\u00e9moignages contemporains.<br>Face \u00e0 nous, r\u00e9pondant \u00e0 des si\u00e8cles de pratiques, des femmes t\u00e9moignent d&rsquo;une chose en commun : avoir \u00e9t\u00e9 confront\u00e9es un jour aux maltraitances gyn\u00e9cologiques.<\/p>\n\n\n\n<figure class=\"wp-block-embed is-type-video is-provider-vimeo wp-block-embed-vimeo wp-embed-aspect-16-9 wp-has-aspect-ratio\"><div class=\"wp-block-embed__wrapper\">\n<iframe loading=\"lazy\" title=\"Trailer Ex Utero,  Lili Forestier - Co production N\u00e9buleuses, CBA,  Velvet Films, RTBF - 2024\" src=\"https:\/\/player.vimeo.com\/video\/1007571190?dnt=1&amp;app_id=122963\" width=\"1778\" height=\"1000\" frameborder=\"0\" allow=\"autoplay; fullscreen; picture-in-picture; clipboard-write\"><\/iframe>\n<\/div><\/figure>\n\n\n\n<hr class=\"wp-block-separator has-alpha-channel-opacity\"\/>\n\n\n\n<p><strong>Article sur Cinergie : <\/strong><\/p>\n\n\n\n<p><a href=\"https:\/\/www.cinergie.be\/actualites\/ex-utero-de-lili-forestier\">https:\/\/www.cinergie.be\/actualites\/ex-utero-de-lili-forestier<\/a><\/p>\n\n\n\n<hr class=\"wp-block-separator has-alpha-channel-opacity\"\/>\n\n\n\n<p><strong>Article sur La Libre Belgique : <\/strong><\/p>\n\n\n\n<p><\/p>\n\n\n\n<div data-wp-interactive=\"core\/file\" class=\"wp-block-file\"><object data-wp-bind--hidden=\"!state.hasPdfPreview\" hidden class=\"wp-block-file__embed\" data=\"https:\/\/www.diana-dolce.com\/wp-content\/uploads\/ex_utero-1.pdf\" type=\"application\/pdf\" style=\"width:100%;height:600px\" aria-label=\"Contenu embarqu\u00e9 ex_utero.\"><\/object><a id=\"wp-block-file--media-7403797c-fda2-42a0-96b0-480749dba4c6\" href=\"https:\/\/www.diana-dolce.com\/wp-content\/uploads\/ex_utero-1.pdf\">ex_utero<\/a><a href=\"https:\/\/www.diana-dolce.com\/wp-content\/uploads\/ex_utero-1.pdf\" class=\"wp-block-file__button wp-element-button\" download aria-describedby=\"wp-block-file--media-7403797c-fda2-42a0-96b0-480749dba4c6\">T\u00e9l\u00e9charger<\/a><\/div>\n","protected":false},"excerpt":{"rendered":"<p>2024 \/ Documentaire \/ 75 minutes \/ Couleur Sc\u00e9nario, recherches et r\u00e9alisation : Lili Forestier Image : Nastasja Saerens Prise de son : Barbara Juniot &#8211; Liza Thiennot &#8211; Sarah Carlier Montage image&nbsp;: Lucie Benichou &#8211; Lili Forestier Montage son et cr\u00e9ation sonore : Diana Dolce Enregistrement voix-off : Liza Thiennot Mixage&nbsp;: Marina Lerchs Etalonnage <a href=\"https:\/\/www.diana-dolce.com\/?p=553\" class=\"more-link\">&#8230;<span class=\"screen-reader-text\">  Ex Utero<\/span><\/a><\/p>\n","protected":false},"author":4,"featured_media":0,"comment_status":"open","ping_status":"open","sticky":false,"template":"","format":"standard","meta":{"inline_featured_image":false,"footnotes":""},"categories":[4,6],"tags":[],"class_list":["post-553","post","type-post","status-publish","format-standard","hentry","category-portfolio","category-sound_design"],"_links":{"self":[{"href":"https:\/\/www.diana-dolce.com\/index.php?rest_route=\/wp\/v2\/posts\/553","targetHints":{"allow":["GET"]}}],"collection":[{"href":"https:\/\/www.diana-dolce.com\/index.php?rest_route=\/wp\/v2\/posts"}],"about":[{"href":"https:\/\/www.diana-dolce.com\/index.php?rest_route=\/wp\/v2\/types\/post"}],"author":[{"embeddable":true,"href":"https:\/\/www.diana-dolce.com\/index.php?rest_route=\/wp\/v2\/users\/4"}],"replies":[{"embeddable":true,"href":"https:\/\/www.diana-dolce.com\/index.php?rest_route=%2Fwp%2Fv2%2Fcomments&post=553"}],"version-history":[{"count":8,"href":"https:\/\/www.diana-dolce.com\/index.php?rest_route=\/wp\/v2\/posts\/553\/revisions"}],"predecessor-version":[{"id":584,"href":"https:\/\/www.diana-dolce.com\/index.php?rest_route=\/wp\/v2\/posts\/553\/revisions\/584"}],"wp:attachment":[{"href":"https:\/\/www.diana-dolce.com\/index.php?rest_route=%2Fwp%2Fv2%2Fmedia&parent=553"}],"wp:term":[{"taxonomy":"category","embeddable":true,"href":"https:\/\/www.diana-dolce.com\/index.php?rest_route=%2Fwp%2Fv2%2Fcategories&post=553"},{"taxonomy":"post_tag","embeddable":true,"href":"https:\/\/www.diana-dolce.com\/index.php?rest_route=%2Fwp%2Fv2%2Ftags&post=553"}],"curies":[{"name":"wp","href":"https:\/\/api.w.org\/{rel}","templated":true}]}}