{"id":599,"date":"2025-04-24T10:57:45","date_gmt":"2025-04-24T08:57:45","guid":{"rendered":"https:\/\/www.diana-dolce.com\/?p=599"},"modified":"2025-04-25T15:08:18","modified_gmt":"2025-04-25T13:08:18","slug":"champions-copy","status":"publish","type":"post","link":"https:\/\/www.diana-dolce.com\/?p=599","title":{"rendered":"Famille choisie"},"content":{"rendered":"\n<h2 class=\"wp-block-heading\"><strong>2025 \/ Documentaire \/ 84 minutes \/ Couleur \/ 16\/9<\/strong><\/h2>\n\n\n\n<p><strong>R\u00e9alisation<\/strong>&nbsp;:&nbsp;Elisa VDK<\/p>\n\n\n\n<p><strong>Image<\/strong>&nbsp;:&nbsp;Elisa VDK, Diana Vos, Maxime Lahousse, Camille Sultan<\/p>\n\n\n\n<p><strong>Son<\/strong>&nbsp;:&nbsp;Edith Herregods &#8211; Diana Dolce &#8211; Yann-Elie Gorans<\/p>\n\n\n\n<p><strong>Montage image<\/strong>&nbsp;:&nbsp;S\u00e9bastien Calvez<\/p>\n\n\n\n<p><strong>Musique<\/strong>&nbsp;: Baxter Halter , Anastasia Thonka<\/p>\n\n\n\n<p><strong>Production<\/strong>&nbsp;: Rayuela Productions<\/p>\n\n\n\n<p><strong>Co-Production<\/strong>&nbsp;:&nbsp;RTBF et SHELTER PROD<\/p>\n\n\n\n<p><\/p>\n\n\n\n<p><strong>Synopsis<\/strong>&nbsp;:&nbsp;<\/p>\n\n\n\n<p>Massie, Addi, Lylybeth et Joy sont quatre artistes non-binaires \u00e0 un tournant de leur carri\u00e8re sur une sc\u00e8ne drag en pleine \u00e9bullition \u00e0 Bruxelles. Alors que cette famille choisie est soud\u00e9e et solidaire, leur famille de sang a souvent des difficult\u00e9s \u00e0 comprendre leur identit\u00e9 et leur m\u00e9tier. Beaucoup de v\u00e9rit\u00e9s et d\u2019\u00e9motions restent sous silence.<\/p>\n\n\n\n<p>Leurs shows, parfois tr\u00e8s dr\u00f4les, parfois tr\u00e8s sombres, souvent les deux, s\u2019inspirent directement de leurs combats quotidiens. La sc\u00e8ne leur permet d\u2019exprimer leurs identit\u00e9s de genres. C\u2019est aussi leur gagne-pain et le lieu o\u00f9 iels puisent l\u2019\u00e9nergie pour forcer le passage dans notre soci\u00e9t\u00e9.<\/p>\n\n\n\n<p>Au fil des spectacles de plus en plus notables, se dessine une qu\u00eate de reconnaissance identitaire et artistique. Ces artistes aspirent \u00e0 quelque chose d\u2019essentiel : le besoin d\u2019embrasser qui l\u2019on est et surtout d\u2019\u00eatre accept\u00e9 pour ce que l\u2019on est.<\/p>\n\n\n\n<p><\/p>\n\n\n\n<figure class=\"wp-block-embed is-type-video is-provider-youtube wp-block-embed-youtube wp-embed-aspect-16-9 wp-has-aspect-ratio\"><div class=\"wp-block-embed__wrapper\">\n<iframe loading=\"lazy\" title=\"Famille Choisie \/\/ Trailer VO ST EN\" width=\"1778\" height=\"1000\" src=\"https:\/\/www.youtube.com\/embed\/XDIKELKDGnc?feature=oembed\" frameborder=\"0\" allow=\"accelerometer; autoplay; clipboard-write; encrypted-media; gyroscope; picture-in-picture; web-share\" referrerpolicy=\"strict-origin-when-cross-origin\" allowfullscreen><\/iframe>\n<\/div><\/figure>\n\n\n\n<hr class=\"wp-block-separator has-alpha-channel-opacity\"\/>\n\n\n\n<p><strong>Article sur Cinergie<\/strong> :<\/p>\n\n\n\n<p><a href=\"https:\/\/www.cinergie.be\/actualites\/famille-choisie-d-elisa-vdk\">https:\/\/www.cinergie.be\/actualites\/famille-choisie-d-elisa-vdk<\/a><\/p>\n\n\n\n<hr class=\"wp-block-separator has-alpha-channel-opacity\"\/>\n\n\n\n<p><strong>Rayuela Productions<\/strong> :<\/p>\n\n\n\n<p><a href=\"https:\/\/www.rayuelaprod.com\/film\/famille-choisie\/\">https:\/\/www.rayuelaprod.com\/film\/famille-choisie\/<\/a><\/p>\n\n\n\n<p><\/p>\n","protected":false},"excerpt":{"rendered":"<p>2025 \/ Documentaire \/ 84 minutes \/ Couleur \/ 16\/9 R\u00e9alisation&nbsp;:&nbsp;Elisa VDK Image&nbsp;:&nbsp;Elisa VDK, Diana Vos, Maxime Lahousse, Camille Sultan Son&nbsp;:&nbsp;Edith Herregods &#8211; Diana Dolce &#8211; Yann-Elie Gorans Montage image&nbsp;:&nbsp;S\u00e9bastien Calvez Musique&nbsp;: Baxter Halter , Anastasia Thonka Production&nbsp;: Rayuela Productions Co-Production&nbsp;:&nbsp;RTBF et SHELTER PROD Synopsis&nbsp;:&nbsp; Massie, Addi, Lylybeth et Joy sont quatre artistes non-binaires \u00e0 <a href=\"https:\/\/www.diana-dolce.com\/?p=599\" class=\"more-link\">&#8230;<span class=\"screen-reader-text\">  Famille choisie<\/span><\/a><\/p>\n","protected":false},"author":4,"featured_media":0,"comment_status":"open","ping_status":"open","sticky":false,"template":"","format":"standard","meta":{"inline_featured_image":false,"footnotes":""},"categories":[7,4],"tags":[],"class_list":["post-599","post","type-post","status-publish","format-standard","hentry","category-montage_image_son","category-portfolio"],"_links":{"self":[{"href":"https:\/\/www.diana-dolce.com\/index.php?rest_route=\/wp\/v2\/posts\/599","targetHints":{"allow":["GET"]}}],"collection":[{"href":"https:\/\/www.diana-dolce.com\/index.php?rest_route=\/wp\/v2\/posts"}],"about":[{"href":"https:\/\/www.diana-dolce.com\/index.php?rest_route=\/wp\/v2\/types\/post"}],"author":[{"embeddable":true,"href":"https:\/\/www.diana-dolce.com\/index.php?rest_route=\/wp\/v2\/users\/4"}],"replies":[{"embeddable":true,"href":"https:\/\/www.diana-dolce.com\/index.php?rest_route=%2Fwp%2Fv2%2Fcomments&post=599"}],"version-history":[{"count":3,"href":"https:\/\/www.diana-dolce.com\/index.php?rest_route=\/wp\/v2\/posts\/599\/revisions"}],"predecessor-version":[{"id":607,"href":"https:\/\/www.diana-dolce.com\/index.php?rest_route=\/wp\/v2\/posts\/599\/revisions\/607"}],"wp:attachment":[{"href":"https:\/\/www.diana-dolce.com\/index.php?rest_route=%2Fwp%2Fv2%2Fmedia&parent=599"}],"wp:term":[{"taxonomy":"category","embeddable":true,"href":"https:\/\/www.diana-dolce.com\/index.php?rest_route=%2Fwp%2Fv2%2Fcategories&post=599"},{"taxonomy":"post_tag","embeddable":true,"href":"https:\/\/www.diana-dolce.com\/index.php?rest_route=%2Fwp%2Fv2%2Ftags&post=599"}],"curies":[{"name":"wp","href":"https:\/\/api.w.org\/{rel}","templated":true}]}}