{"id":602,"date":"2025-04-25T10:43:12","date_gmt":"2025-04-25T08:43:12","guid":{"rendered":"https:\/\/www.diana-dolce.com\/?p=602"},"modified":"2025-04-25T10:51:21","modified_gmt":"2025-04-25T08:51:21","slug":"champions-copy-copy","status":"publish","type":"post","link":"https:\/\/www.diana-dolce.com\/?p=602","title":{"rendered":"Main dans la main"},"content":{"rendered":"\n<h2 class=\"wp-block-heading\"><strong>2024 \/ Documentaire \/ 31 minutes \/ Couleur \/ 16\/9<\/strong><\/h2>\n\n\n\n<p><strong>R\u00e9alisation<\/strong>\u00a0:\u00a0Michel Steyaert<\/p>\n\n\n\n<p><strong>Image<\/strong>\u00a0:\u00a0Th\u00e9o Sixou<\/p>\n\n\n\n<p><strong>Prise de<\/strong> <strong>Son<\/strong>\u00a0:\u00a0Diana Dolce <\/p>\n\n\n\n<p><strong>Montage image<\/strong>\u00a0:\u00a0Lucas Furtado<\/p>\n\n\n\n<p><strong>Montage son et Mixage\u00a0<\/strong>: Diana Dolce<\/p>\n\n\n\n<p><strong>Etalonnage<\/strong> : Ad\u00e8le Gr\u00e9goire<\/p>\n\n\n\n<p><strong>Production<\/strong>\u00a0: Centre Vid\u00e9o de Bruxelles asbl &#8211; Michel Steyaert et Dora Dor\u00ebs asbl \u2013 Hamide Canolli<\/p>\n\n\n\n<p><\/p>\n\n\n\n<p><strong>Synopsis<\/strong>&nbsp;:&nbsp;<\/p>\n\n\n\n<p>En Albanais, Dora Dor\u00ebs veut dire \u00ab&nbsp;main dans la main&nbsp;\u00bb dans le sens de se serrer la main, face \u00e0 face, d\u2019\u00e9gal \u00e0 \u00e9gal. Centre de formation, de ressources et de solidarit\u00e9 pour les personnes issues de l&rsquo;immigration \u00e0 Huy, Dora Dor\u00ebs a choisi ce nom parce que si la personne en face ne donne pas aussi la main cela ne sert \u00e0 rien.<\/p>\n\n\n\n<p>Comment faire pour accueillir, \u00e9couter, former, stimuler, prot\u00e9ger, soutenir, encourager, accompagner, pousser, inviter, animer un public adulte fragilis\u00e9 aussi divers qu\u2019est le monde, sinon en se serrant la main&nbsp;? Le travail remarquable de l\u2019\u00e9quipe de Dora Dor\u00ebs est le coeur battant de cette histoire.<\/p>\n\n\n\n<p><\/p>\n\n\n\n<figure class=\"wp-block-embed is-type-video is-provider-vimeo wp-block-embed-vimeo wp-embed-aspect-16-9 wp-has-aspect-ratio\"><div class=\"wp-block-embed__wrapper\">\n<iframe loading=\"lazy\" title=\"DORA DOR\u00cbS | TEASER\" src=\"https:\/\/player.vimeo.com\/video\/880108662?dnt=1&amp;app_id=122963\" width=\"1778\" height=\"1000\" frameborder=\"0\" allow=\"autoplay; fullscreen; picture-in-picture; clipboard-write; encrypted-media\"><\/iframe>\n<\/div><\/figure>\n\n\n\n<hr class=\"wp-block-separator has-alpha-channel-opacity\"\/>\n\n\n\n<p><strong>Centre Vid\u00e9o de Bruxelles<\/strong> :<\/p>\n\n\n\n<p><a href=\"https:\/\/cvb.be\/fr\/films\/main-dans-main#synopsis\">https:\/\/cvb.be\/fr\/films\/main-dans-main#synopsis<\/a><\/p>\n\n\n\n<p><\/p>\n","protected":false},"excerpt":{"rendered":"<p>2024 \/ Documentaire \/ 31 minutes \/ Couleur \/ 16\/9 R\u00e9alisation\u00a0:\u00a0Michel Steyaert Image\u00a0:\u00a0Th\u00e9o Sixou Prise de Son\u00a0:\u00a0Diana Dolce Montage image\u00a0:\u00a0Lucas Furtado Montage son et Mixage\u00a0: Diana Dolce Etalonnage : Ad\u00e8le Gr\u00e9goire Production\u00a0: Centre Vid\u00e9o de Bruxelles asbl &#8211; Michel Steyaert et Dora Dor\u00ebs asbl \u2013 Hamide Canolli Synopsis&nbsp;:&nbsp; En Albanais, Dora Dor\u00ebs veut dire \u00ab&nbsp;main <a href=\"https:\/\/www.diana-dolce.com\/?p=602\" class=\"more-link\">&#8230;<span class=\"screen-reader-text\">  Main dans la main<\/span><\/a><\/p>\n","protected":false},"author":4,"featured_media":0,"comment_status":"open","ping_status":"open","sticky":false,"template":"","format":"standard","meta":{"inline_featured_image":false,"footnotes":""},"categories":[7,4],"tags":[],"class_list":["post-602","post","type-post","status-publish","format-standard","hentry","category-montage_image_son","category-portfolio"],"_links":{"self":[{"href":"https:\/\/www.diana-dolce.com\/index.php?rest_route=\/wp\/v2\/posts\/602","targetHints":{"allow":["GET"]}}],"collection":[{"href":"https:\/\/www.diana-dolce.com\/index.php?rest_route=\/wp\/v2\/posts"}],"about":[{"href":"https:\/\/www.diana-dolce.com\/index.php?rest_route=\/wp\/v2\/types\/post"}],"author":[{"embeddable":true,"href":"https:\/\/www.diana-dolce.com\/index.php?rest_route=\/wp\/v2\/users\/4"}],"replies":[{"embeddable":true,"href":"https:\/\/www.diana-dolce.com\/index.php?rest_route=%2Fwp%2Fv2%2Fcomments&post=602"}],"version-history":[{"count":1,"href":"https:\/\/www.diana-dolce.com\/index.php?rest_route=\/wp\/v2\/posts\/602\/revisions"}],"predecessor-version":[{"id":603,"href":"https:\/\/www.diana-dolce.com\/index.php?rest_route=\/wp\/v2\/posts\/602\/revisions\/603"}],"wp:attachment":[{"href":"https:\/\/www.diana-dolce.com\/index.php?rest_route=%2Fwp%2Fv2%2Fmedia&parent=602"}],"wp:term":[{"taxonomy":"category","embeddable":true,"href":"https:\/\/www.diana-dolce.com\/index.php?rest_route=%2Fwp%2Fv2%2Fcategories&post=602"},{"taxonomy":"post_tag","embeddable":true,"href":"https:\/\/www.diana-dolce.com\/index.php?rest_route=%2Fwp%2Fv2%2Ftags&post=602"}],"curies":[{"name":"wp","href":"https:\/\/api.w.org\/{rel}","templated":true}]}}