{"id":609,"date":"2025-04-25T15:23:55","date_gmt":"2025-04-25T13:23:55","guid":{"rendered":"https:\/\/www.diana-dolce.com\/?p=609"},"modified":"2025-04-25T15:41:25","modified_gmt":"2025-04-25T13:41:25","slug":"champions-copy-copy-copy-2","status":"publish","type":"post","link":"https:\/\/www.diana-dolce.com\/?p=609","title":{"rendered":"The Godmother"},"content":{"rendered":"\n<h2 class=\"wp-block-heading\"><strong>2024 \/ Documentaire \/ 56 minutes \/ Couleur \/ 16\/9<\/strong><\/h2>\n\n\n\n<p><strong>R\u00e9alisation<\/strong>\u00a0:\u00a0Marzena Sowa<\/p>\n\n\n\n<p><strong>Image<\/strong>\u00a0:\u00a0Marzena Sowa<\/p>\n\n\n\n<p><strong>Prise de<\/strong> <strong>Son<\/strong>\u00a0:\u00a0Diana Dolce &#8211; Marzena Sowa<\/p>\n\n\n\n<p><strong>Montage image<\/strong>\u00a0:\u00a0Effi Weiss<\/p>\n\n\n\n<p><strong>Montage son :<\/strong> Samuel Mittelman, Lionel Thiriet<\/p>\n\n\n\n<p><strong>Mixage\u00a0<\/strong>: Samuel Mittelman<\/p>\n\n\n\n<p><strong>Etalonnage<\/strong> : Bertrand Ricciuti<\/p>\n\n\n\n<p><strong>Production<\/strong>\u00a0: CVB (Michel Steyaert), TS Productions (Mil\u00e9na Poylo &amp; Gilles Sacuto), CBA (Javier Packer-Comyn)<\/p>\n\n\n\n<p><strong>Avec la participation de :<\/strong> France T\u00e9l\u00e9visions, France 3 Grand-Est, Centre national du cin\u00e9ma et de l\u2019image anim\u00e9e, avec le soutien de la R\u00e9gion Grand-Est, de la Procirep &#8211; Soci\u00e9t\u00e9 des producteurs et de l&rsquo;Angoa.<\/p>\n\n\n\n<p><\/p>\n\n\n\n<p><strong>Synopsis<\/strong>&nbsp;:&nbsp;<\/p>\n\n\n\n<p>Femme d&rsquo;action, forte et dr\u00f4le, h\u00e9ro\u00efne de mon enfance, ma tante Niu\u015bka habite dans un petit village \u00e0 l&rsquo;est de la Pologne. Elle m&rsquo;avoue un jour n\u2019avoir jamais \u00e9t\u00e9 heureuse de sa vie. En aurait-il \u00e9t\u00e9 autrement si elle avait, comme moi, quitt\u00e9 le pays \u00e0 la recherche du bonheur en Europe occidentale ? Si elle s&rsquo;\u00e9tait \u00e9mancip\u00e9e des valeurs conservatrices qui contraignent, encore aujourd&rsquo;hui, la soci\u00e9t\u00e9 polonaise ?<\/p>\n\n\n\n<p><\/p>\n\n\n\n<figure class=\"wp-block-embed is-type-video is-provider-youtube wp-block-embed-youtube wp-embed-aspect-16-9 wp-has-aspect-ratio\"><div class=\"wp-block-embed__wrapper\">\n<iframe loading=\"lazy\" title=\"The Godmother, la bande annonce\" width=\"1778\" height=\"1000\" src=\"https:\/\/www.youtube.com\/embed\/pP9mYFsBVb8?feature=oembed\" frameborder=\"0\" allow=\"accelerometer; autoplay; clipboard-write; encrypted-media; gyroscope; picture-in-picture; web-share\" referrerpolicy=\"strict-origin-when-cross-origin\" allowfullscreen><\/iframe>\n<\/div><\/figure>\n\n\n\n<hr class=\"wp-block-separator has-alpha-channel-opacity\"\/>\n\n\n\n<p><strong>Centre Vid\u00e9o de Bruxelles<\/strong> :<\/p>\n\n\n\n<p><a href=\"https:\/\/cvb.be\/fr\/films\/godmother#synopsis\">https:\/\/cvb.be\/fr\/films\/godmother#synopsis<\/a><\/p>\n\n\n\n<hr class=\"wp-block-separator has-alpha-channel-opacity\"\/>\n\n\n\n<p><strong>Cinergie : <\/strong><\/p>\n\n\n\n<p><a href=\"https:\/\/www.cinergie.be\/actualites\/the-godmother-de-marzena-sowa\">https:\/\/www.cinergie.be\/actualites\/the-godmother-de-marzena-sowa<\/a><\/p>\n\n\n\n<hr class=\"wp-block-separator has-alpha-channel-opacity\"\/>\n\n\n\n<p><strong>Festivals et Prix : <\/strong><\/p>\n\n\n\n<p>2025 : Pop women Festival (France)<\/p>\n\n\n\n<p>2024 : Festival Millenium (Belgique), Festival du Film de Famille (France) &#8211; <strong>PRIX DU JURY<\/strong>, Iran International Documentary Film Festival \u201c Cinema Verite\u201d (Iran)<\/p>\n\n\n\n<p><\/p>\n\n\n\n<p><\/p>\n\n\n\n<p><\/p>\n","protected":false},"excerpt":{"rendered":"<p>2024 \/ Documentaire \/ 56 minutes \/ Couleur \/ 16\/9 R\u00e9alisation\u00a0:\u00a0Marzena Sowa Image\u00a0:\u00a0Marzena Sowa Prise de Son\u00a0:\u00a0Diana Dolce &#8211; Marzena Sowa Montage image\u00a0:\u00a0Effi Weiss Montage son : Samuel Mittelman, Lionel Thiriet Mixage\u00a0: Samuel Mittelman Etalonnage : Bertrand Ricciuti Production\u00a0: CVB (Michel Steyaert), TS Productions (Mil\u00e9na Poylo &amp; Gilles Sacuto), CBA (Javier Packer-Comyn) Avec la participation <a href=\"https:\/\/www.diana-dolce.com\/?p=609\" class=\"more-link\">&#8230;<span class=\"screen-reader-text\">  The Godmother<\/span><\/a><\/p>\n","protected":false},"author":4,"featured_media":0,"comment_status":"open","ping_status":"open","sticky":false,"template":"","format":"standard","meta":{"inline_featured_image":false,"footnotes":""},"categories":[7,4],"tags":[],"class_list":["post-609","post","type-post","status-publish","format-standard","hentry","category-montage_image_son","category-portfolio"],"_links":{"self":[{"href":"https:\/\/www.diana-dolce.com\/index.php?rest_route=\/wp\/v2\/posts\/609","targetHints":{"allow":["GET"]}}],"collection":[{"href":"https:\/\/www.diana-dolce.com\/index.php?rest_route=\/wp\/v2\/posts"}],"about":[{"href":"https:\/\/www.diana-dolce.com\/index.php?rest_route=\/wp\/v2\/types\/post"}],"author":[{"embeddable":true,"href":"https:\/\/www.diana-dolce.com\/index.php?rest_route=\/wp\/v2\/users\/4"}],"replies":[{"embeddable":true,"href":"https:\/\/www.diana-dolce.com\/index.php?rest_route=%2Fwp%2Fv2%2Fcomments&post=609"}],"version-history":[{"count":2,"href":"https:\/\/www.diana-dolce.com\/index.php?rest_route=\/wp\/v2\/posts\/609\/revisions"}],"predecessor-version":[{"id":611,"href":"https:\/\/www.diana-dolce.com\/index.php?rest_route=\/wp\/v2\/posts\/609\/revisions\/611"}],"wp:attachment":[{"href":"https:\/\/www.diana-dolce.com\/index.php?rest_route=%2Fwp%2Fv2%2Fmedia&parent=609"}],"wp:term":[{"taxonomy":"category","embeddable":true,"href":"https:\/\/www.diana-dolce.com\/index.php?rest_route=%2Fwp%2Fv2%2Fcategories&post=609"},{"taxonomy":"post_tag","embeddable":true,"href":"https:\/\/www.diana-dolce.com\/index.php?rest_route=%2Fwp%2Fv2%2Ftags&post=609"}],"curies":[{"name":"wp","href":"https:\/\/api.w.org\/{rel}","templated":true}]}}