{"id":635,"date":"2025-04-27T12:10:46","date_gmt":"2025-04-27T10:10:46","guid":{"rendered":"https:\/\/www.diana-dolce.com\/?p=635"},"modified":"2026-03-04T19:50:20","modified_gmt":"2026-03-04T18:50:20","slug":"champions-copy-copy-copy-2-copy","status":"publish","type":"post","link":"https:\/\/www.diana-dolce.com\/?p=635","title":{"rendered":"Qui a tu\u00e9 Janneke ?"},"content":{"rendered":"\n<h2 class=\"wp-block-heading\"><strong>2026 \/ S\u00e9rie podcast \/ 10x26minutes<\/strong><\/h2>\n\n\n\n<p><strong>Sc\u00e9nario et R\u00e9alisation<\/strong>&nbsp;:&nbsp;Laura Di Spurio<\/p>\n\n\n\n<p><strong>Prise de<\/strong> <strong>Son<\/strong>&nbsp;:&nbsp;Diana Dolce &#8211; Val\u00e9rie Leclercq &#8211; Eliot Ratinaud<\/p>\n\n\n\n<p><strong>Montage son :<\/strong> Diana Dolce<\/p>\n\n\n\n<p><strong>Mixage : <\/strong>Nicolas Dennefeld<\/p>\n\n\n\n<p><strong>Musique : <\/strong>Half Asleep<\/p>\n\n\n\n<p><strong>Bruitage : <\/strong>C\u00e9line Bernard assist\u00e9e de Fanny Roy<\/p>\n\n\n\n<p><strong>Production<\/strong>&nbsp;: Comme un Lundi &#8211; ACSR<\/p>\n\n\n\n<p><strong>Avec le soutien de :<\/strong> Facr &#8211; Fond d&rsquo;Aide \u00e0 la Cr\u00e9ation Radiophonique<\/p>\n\n\n\n<p><strong>Synopsis<\/strong>&nbsp;:&nbsp;<\/p>\n\n\n\n<p>Un podcast en 10 \u00e9pisodes sur l&rsquo;affaire de la rue des Hirondelles, revue et corrig\u00e9e par Laura Di Spurio. \u00ab\u00a0Qui a tu\u00e9 Janneke\u00a0\u00bb se penche sur le meurtre d\u2019une petite fille dans l\u2019Europe de la Belle \u00c9poque, un murder mystery o\u00f9 le genre a toute son importance.<\/p>\n\n\n\n<p>A \u00e9couter sur : <a href=\"https:\/\/www.radiola.be\/serie\/qui-a-tue-jeanneke\/\">https:\/\/www.radiola.be\/serie\/qui-a-tue-jeanneke\/<\/a><\/p>\n\n\n\n<figure class=\"wp-block-image size-large\"><img loading=\"lazy\" decoding=\"async\" width=\"725\" height=\"1024\" src=\"https:\/\/www.diana-dolce.com\/wp-content\/uploads\/Jeanneke__FACR___dossier-1_page-0001-725x1024.jpg\" alt=\"\" class=\"wp-image-663\" srcset=\"https:\/\/www.diana-dolce.com\/wp-content\/uploads\/Jeanneke__FACR___dossier-1_page-0001-725x1024.jpg 725w, https:\/\/www.diana-dolce.com\/wp-content\/uploads\/Jeanneke__FACR___dossier-1_page-0001-212x300.jpg 212w, https:\/\/www.diana-dolce.com\/wp-content\/uploads\/Jeanneke__FACR___dossier-1_page-0001.jpg 1241w\" sizes=\"auto, (max-width: 725px) 100vw, 725px\" \/><\/figure>\n\n\n\n<p><\/p>\n\n\n\n<p><\/p>\n","protected":false},"excerpt":{"rendered":"<p>2026 \/ S\u00e9rie podcast \/ 10x26minutes Sc\u00e9nario et R\u00e9alisation&nbsp;:&nbsp;Laura Di Spurio Prise de Son&nbsp;:&nbsp;Diana Dolce &#8211; Val\u00e9rie Leclercq &#8211; Eliot Ratinaud Montage son : Diana Dolce Mixage : Nicolas Dennefeld Musique : Half Asleep Bruitage : C\u00e9line Bernard assist\u00e9e de Fanny Roy Production&nbsp;: Comme un Lundi &#8211; ACSR Avec le soutien de : Facr &#8211; <a href=\"https:\/\/www.diana-dolce.com\/?p=635\" class=\"more-link\">&#8230;<span class=\"screen-reader-text\">  Qui a tu\u00e9 Janneke ?<\/span><\/a><\/p>\n","protected":false},"author":4,"featured_media":0,"comment_status":"open","ping_status":"open","sticky":false,"template":"","format":"standard","meta":{"inline_featured_image":false,"footnotes":""},"categories":[7,4],"tags":[],"class_list":["post-635","post","type-post","status-publish","format-standard","hentry","category-montage_image_son","category-portfolio"],"_links":{"self":[{"href":"https:\/\/www.diana-dolce.com\/index.php?rest_route=\/wp\/v2\/posts\/635","targetHints":{"allow":["GET"]}}],"collection":[{"href":"https:\/\/www.diana-dolce.com\/index.php?rest_route=\/wp\/v2\/posts"}],"about":[{"href":"https:\/\/www.diana-dolce.com\/index.php?rest_route=\/wp\/v2\/types\/post"}],"author":[{"embeddable":true,"href":"https:\/\/www.diana-dolce.com\/index.php?rest_route=\/wp\/v2\/users\/4"}],"replies":[{"embeddable":true,"href":"https:\/\/www.diana-dolce.com\/index.php?rest_route=%2Fwp%2Fv2%2Fcomments&post=635"}],"version-history":[{"count":6,"href":"https:\/\/www.diana-dolce.com\/index.php?rest_route=\/wp\/v2\/posts\/635\/revisions"}],"predecessor-version":[{"id":664,"href":"https:\/\/www.diana-dolce.com\/index.php?rest_route=\/wp\/v2\/posts\/635\/revisions\/664"}],"wp:attachment":[{"href":"https:\/\/www.diana-dolce.com\/index.php?rest_route=%2Fwp%2Fv2%2Fmedia&parent=635"}],"wp:term":[{"taxonomy":"category","embeddable":true,"href":"https:\/\/www.diana-dolce.com\/index.php?rest_route=%2Fwp%2Fv2%2Fcategories&post=635"},{"taxonomy":"post_tag","embeddable":true,"href":"https:\/\/www.diana-dolce.com\/index.php?rest_route=%2Fwp%2Fv2%2Ftags&post=635"}],"curies":[{"name":"wp","href":"https:\/\/api.w.org\/{rel}","templated":true}]}}